{"id":1649,"date":"2024-12-16T16:29:01","date_gmt":"2024-12-16T16:29:01","guid":{"rendered":"https:\/\/ollagnier.art\/?p=1649"},"modified":"2025-02-03T16:38:53","modified_gmt":"2025-02-03T16:38:53","slug":"exposition-dhiver","status":"publish","type":"post","link":"https:\/\/ollagnier.art\/it\/notizie\/exposition-dhiver\/","title":{"rendered":"&#8220;Exposition d&#8217;hiver&#8221;"},"content":{"rendered":"","protected":false},"excerpt":{"rendered":"","protected":false},"author":2,"featured_media":1642,"comment_status":"open","ping_status":"open","sticky":false,"template":"","format":"standard","meta":{"_acf_changed":false,"footnotes":""},"categories":[19],"tags":[],"class_list":["post-1649","post","type-post","status-publish","format-standard","has-post-thumbnail","hentry","category-notizie"],"acf":[],"yoast_head":"<!-- This site is optimized with the Yoast SEO plugin v27.5 - https:\/\/yoast.com\/product\/yoast-seo-wordpress\/ -->\n<title>&quot;Exposition d&#039;hiver&quot; - Thierry Ollagnier \/ Sculpteur<\/title>\n<meta name=\"description\" content=\"Dans l\u2019Atelier du Sculpteur les \u0153uvres sont blotties bien au chaud autour du po\u00eale, les derni\u00e8res sculptures en bronze et les monotypes vous attendent. Si vous \u00eates dans les Alpes du sud cet hiver, en Vall\u00e9e de la Clar\u00e9e, n\u2019oubliez pas de passer visiter l\u2019exposition au Jardin du sculpteur de Thierry Ollagnier. Une exposition d&#039;art contemporain au milieu de la nature avec pour th\u00e8me central la fusion des \u00e9l\u00e9ments, le lien entre la Nature et L&#039;Homme. Cette exposition immersive entre les sommets des Alpes et les \u0153uvres en bronze, o\u00f9 les surfaces dialoguent avec le min\u00e9ral des parois rocheuses, nous invite \u00e0 un \u00e9v\u00e8nementiel culturel durant l&#039;hiver 2024 - 2025 . Visitez \u00e9galement les \u0153uvres \u00e0 l&#039;int\u00e9rieur de l&#039;Atelier avec le Sculpteur. Si vous \u00eates dans les Alpes du sud cet hiver, en Vall\u00e9e de la Clar\u00e9e, n\u2019oubliez pas de passer visiter l\u2019exposition au Jardin du sculpteur de Thierry Ollagnier.Une exposition d&#039;art contemporain au milieu de la nature avec pour th\u00e8me central la fusion des \u00e9l\u00e9ments, le lien entre la Nature et L&#039;Homme. Cette exposition immersive entre les sommets des Alpes et les \u0153uvres en bronze, o\u00f9 les surfaces dialoguent avec le min\u00e9ral des parois rocheuses, nous invite \u00e0 un \u00e9v\u00e8nementiel culturel durant l&#039;hiver 2024 - 2025 . Visitez \u00e9galement les \u0153uvres \u00e0 l&#039;int\u00e9rieur de l&#039;Atelier avec le Sculpteur. Exposition pour collectionneurs et pour entreprises, les investisseurs en \u0153uvres d&#039;art, avec la possibilit\u00e9 d&#039;exp\u00e9dition d\u2019\u0153uvres en bronze.Possibilit\u00e9 \u00e9galement d&#039;achat d\u2019\u0153uvres d&#039;art pour le soci\u00e9t\u00e9s ainsi que les professions lib\u00e9rales. Acc\u00e8s \u00e0 un sp\u00e9cialiste du cr\u00e9dit Bail pour le financement des \u0153uvres. Leasing avec option d&#039;achat. Investissement pour entreprises\" \/>\n<meta name=\"robots\" content=\"index, follow, max-snippet:-1, max-image-preview:large, max-video-preview:-1\" \/>\n<link rel=\"canonical\" href=\"https:\/\/ollagnier.art\/it\/notizie\/exposition-dhiver\/\" \/>\n<meta property=\"og:locale\" content=\"it_IT\" \/>\n<meta property=\"og:type\" content=\"article\" \/>\n<meta property=\"og:title\" content=\"&quot;Exposition d&#039;hiver&quot; - Thierry Ollagnier \/ Sculpteur\" \/>\n<meta property=\"og:description\" content=\"Dans l\u2019Atelier du Sculpteur les \u0153uvres sont blotties bien au chaud autour du po\u00eale, les derni\u00e8res sculptures en bronze et les monotypes vous attendent. Si vous \u00eates dans les Alpes du sud cet hiver, en Vall\u00e9e de la Clar\u00e9e, n\u2019oubliez pas de passer visiter l\u2019exposition au Jardin du sculpteur de Thierry Ollagnier. Une exposition d&#039;art contemporain au milieu de la nature avec pour th\u00e8me central la fusion des \u00e9l\u00e9ments, le lien entre la Nature et L&#039;Homme. Cette exposition immersive entre les sommets des Alpes et les \u0153uvres en bronze, o\u00f9 les surfaces dialoguent avec le min\u00e9ral des parois rocheuses, nous invite \u00e0 un \u00e9v\u00e8nementiel culturel durant l&#039;hiver 2024 - 2025 . Visitez \u00e9galement les \u0153uvres \u00e0 l&#039;int\u00e9rieur de l&#039;Atelier avec le Sculpteur. Si vous \u00eates dans les Alpes du sud cet hiver, en Vall\u00e9e de la Clar\u00e9e, n\u2019oubliez pas de passer visiter l\u2019exposition au Jardin du sculpteur de Thierry Ollagnier.Une exposition d&#039;art contemporain au milieu de la nature avec pour th\u00e8me central la fusion des \u00e9l\u00e9ments, le lien entre la Nature et L&#039;Homme. Cette exposition immersive entre les sommets des Alpes et les \u0153uvres en bronze, o\u00f9 les surfaces dialoguent avec le min\u00e9ral des parois rocheuses, nous invite \u00e0 un \u00e9v\u00e8nementiel culturel durant l&#039;hiver 2024 - 2025 . Visitez \u00e9galement les \u0153uvres \u00e0 l&#039;int\u00e9rieur de l&#039;Atelier avec le Sculpteur. Exposition pour collectionneurs et pour entreprises, les investisseurs en \u0153uvres d&#039;art, avec la possibilit\u00e9 d&#039;exp\u00e9dition d\u2019\u0153uvres en bronze.Possibilit\u00e9 \u00e9galement d&#039;achat d\u2019\u0153uvres d&#039;art pour le soci\u00e9t\u00e9s ainsi que les professions lib\u00e9rales. Acc\u00e8s \u00e0 un sp\u00e9cialiste du cr\u00e9dit Bail pour le financement des \u0153uvres. Leasing avec option d&#039;achat. Investissement pour entreprises\" \/>\n<meta property=\"og:url\" content=\"https:\/\/ollagnier.art\/it\/notizie\/exposition-dhiver\/\" \/>\n<meta property=\"og:site_name\" content=\"Thierry Ollagnier \/ Sculpteur\" \/>\n<meta property=\"article:published_time\" content=\"2024-12-16T16:29:01+00:00\" \/>\n<meta property=\"article:modified_time\" content=\"2025-02-03T16:38:53+00:00\" \/>\n<meta property=\"og:image\" content=\"https:\/\/ollagnier.art\/wp-content\/uploads\/2024\/12\/Exposition-d-hiver_Photo-Chantal-Ollagnier-768x1024.jpg\" \/>\n\t<meta property=\"og:image:width\" content=\"768\" \/>\n\t<meta property=\"og:image:height\" content=\"1024\" \/>\n\t<meta property=\"og:image:type\" content=\"image\/jpeg\" \/>\n<meta name=\"author\" content=\"Thierry Ollagnier\" \/>\n<meta name=\"twitter:card\" content=\"summary_large_image\" \/>\n<meta name=\"twitter:label1\" content=\"Written by\" \/>\n\t<meta name=\"twitter:data1\" content=\"Thierry Ollagnier\" \/>\n\t<meta name=\"twitter:label2\" content=\"Est. reading time\" \/>\n\t<meta name=\"twitter:data2\" content=\"2 minutes\" \/>\n<script type=\"application\/ld+json\" class=\"yoast-schema-graph\">{\"@context\":\"https:\\\/\\\/schema.org\",\"@graph\":[{\"@type\":\"Article\",\"@id\":\"https:\\\/\\\/ollagnier.art\\\/it\\\/notizie\\\/exposition-dhiver\\\/#article\",\"isPartOf\":{\"@id\":\"https:\\\/\\\/ollagnier.art\\\/it\\\/notizie\\\/exposition-dhiver\\\/\"},\"author\":{\"name\":\"Thierry Ollagnier\",\"@id\":\"https:\\\/\\\/ollagnier.art\\\/#\\\/schema\\\/person\\\/86ee219d6859a8501f8e6bebdaa21f9d\"},\"headline\":\"&#8220;Exposition d&#8217;hiver&#8221;\",\"datePublished\":\"2024-12-16T16:29:01+00:00\",\"dateModified\":\"2025-02-03T16:38:53+00:00\",\"mainEntityOfPage\":{\"@id\":\"https:\\\/\\\/ollagnier.art\\\/it\\\/notizie\\\/exposition-dhiver\\\/\"},\"wordCount\":2,\"commentCount\":0,\"publisher\":{\"@id\":\"https:\\\/\\\/ollagnier.art\\\/#organization\"},\"image\":{\"@id\":\"https:\\\/\\\/ollagnier.art\\\/it\\\/notizie\\\/exposition-dhiver\\\/#primaryimage\"},\"thumbnailUrl\":\"https:\\\/\\\/ollagnier.art\\\/wp-content\\\/uploads\\\/2024\\\/12\\\/Exposition-d-hiver_Photo-Chantal-Ollagnier.jpg\",\"articleSection\":[\"Notizie\"],\"inLanguage\":\"it-IT\",\"potentialAction\":[{\"@type\":\"CommentAction\",\"name\":\"Comment\",\"target\":[\"https:\\\/\\\/ollagnier.art\\\/it\\\/notizie\\\/exposition-dhiver\\\/#respond\"]}]},{\"@type\":\"WebPage\",\"@id\":\"https:\\\/\\\/ollagnier.art\\\/it\\\/notizie\\\/exposition-dhiver\\\/\",\"url\":\"https:\\\/\\\/ollagnier.art\\\/it\\\/notizie\\\/exposition-dhiver\\\/\",\"name\":\"\\\"Exposition d'hiver\\\" - Thierry Ollagnier \\\/ Sculpteur\",\"isPartOf\":{\"@id\":\"https:\\\/\\\/ollagnier.art\\\/#website\"},\"primaryImageOfPage\":{\"@id\":\"https:\\\/\\\/ollagnier.art\\\/it\\\/notizie\\\/exposition-dhiver\\\/#primaryimage\"},\"image\":{\"@id\":\"https:\\\/\\\/ollagnier.art\\\/it\\\/notizie\\\/exposition-dhiver\\\/#primaryimage\"},\"thumbnailUrl\":\"https:\\\/\\\/ollagnier.art\\\/wp-content\\\/uploads\\\/2024\\\/12\\\/Exposition-d-hiver_Photo-Chantal-Ollagnier.jpg\",\"datePublished\":\"2024-12-16T16:29:01+00:00\",\"dateModified\":\"2025-02-03T16:38:53+00:00\",\"description\":\"Dans l\u2019Atelier du Sculpteur les \u0153uvres sont blotties bien au chaud autour du po\u00eale, les derni\u00e8res sculptures en bronze et les monotypes vous attendent. Si vous \u00eates dans les Alpes du sud cet hiver, en Vall\u00e9e de la Clar\u00e9e, n\u2019oubliez pas de passer visiter l\u2019exposition au Jardin du sculpteur de Thierry Ollagnier. Une exposition d'art contemporain au milieu de la nature avec pour th\u00e8me central la fusion des \u00e9l\u00e9ments, le lien entre la Nature et L'Homme. Cette exposition immersive entre les sommets des Alpes et les \u0153uvres en bronze, o\u00f9 les surfaces dialoguent avec le min\u00e9ral des parois rocheuses, nous invite \u00e0 un \u00e9v\u00e8nementiel culturel durant l'hiver 2024 - 2025 . Visitez \u00e9galement les \u0153uvres \u00e0 l'int\u00e9rieur de l'Atelier avec le Sculpteur. Si vous \u00eates dans les Alpes du sud cet hiver, en Vall\u00e9e de la Clar\u00e9e, n\u2019oubliez pas de passer visiter l\u2019exposition au Jardin du sculpteur de Thierry Ollagnier.Une exposition d'art contemporain au milieu de la nature avec pour th\u00e8me central la fusion des \u00e9l\u00e9ments, le lien entre la Nature et L'Homme. Cette exposition immersive entre les sommets des Alpes et les \u0153uvres en bronze, o\u00f9 les surfaces dialoguent avec le min\u00e9ral des parois rocheuses, nous invite \u00e0 un \u00e9v\u00e8nementiel culturel durant l'hiver 2024 - 2025 . Visitez \u00e9galement les \u0153uvres \u00e0 l'int\u00e9rieur de l'Atelier avec le Sculpteur. Exposition pour collectionneurs et pour entreprises, les investisseurs en \u0153uvres d'art, avec la possibilit\u00e9 d'exp\u00e9dition d\u2019\u0153uvres en bronze.Possibilit\u00e9 \u00e9galement d'achat d\u2019\u0153uvres d'art pour le soci\u00e9t\u00e9s ainsi que les professions lib\u00e9rales. Acc\u00e8s \u00e0 un sp\u00e9cialiste du cr\u00e9dit Bail pour le financement des \u0153uvres. Leasing avec option d'achat. Investissement pour entreprises\",\"breadcrumb\":{\"@id\":\"https:\\\/\\\/ollagnier.art\\\/it\\\/notizie\\\/exposition-dhiver\\\/#breadcrumb\"},\"inLanguage\":\"it-IT\",\"potentialAction\":[{\"@type\":\"ReadAction\",\"target\":[\"https:\\\/\\\/ollagnier.art\\\/it\\\/notizie\\\/exposition-dhiver\\\/\"]}]},{\"@type\":\"ImageObject\",\"inLanguage\":\"it-IT\",\"@id\":\"https:\\\/\\\/ollagnier.art\\\/it\\\/notizie\\\/exposition-dhiver\\\/#primaryimage\",\"url\":\"https:\\\/\\\/ollagnier.art\\\/wp-content\\\/uploads\\\/2024\\\/12\\\/Exposition-d-hiver_Photo-Chantal-Ollagnier.jpg\",\"contentUrl\":\"https:\\\/\\\/ollagnier.art\\\/wp-content\\\/uploads\\\/2024\\\/12\\\/Exposition-d-hiver_Photo-Chantal-Ollagnier.jpg\",\"width\":1425,\"height\":1900},{\"@type\":\"BreadcrumbList\",\"@id\":\"https:\\\/\\\/ollagnier.art\\\/it\\\/notizie\\\/exposition-dhiver\\\/#breadcrumb\",\"itemListElement\":[{\"@type\":\"ListItem\",\"position\":1,\"name\":\"Accueil\",\"item\":\"https:\\\/\\\/ollagnier.art\\\/it\\\/\"},{\"@type\":\"ListItem\",\"position\":2,\"name\":\"Notizie\",\"item\":\"https:\\\/\\\/ollagnier.art\\\/it\\\/category\\\/notizie\\\/\"},{\"@type\":\"ListItem\",\"position\":3,\"name\":\"\u00ab\u00a0Exposition d&rsquo;hiver\u00a0\u00bb\"}]},{\"@type\":\"WebSite\",\"@id\":\"https:\\\/\\\/ollagnier.art\\\/#website\",\"url\":\"https:\\\/\\\/ollagnier.art\\\/\",\"name\":\"Thierry Ollagnier \\\/ Sculpteur\",\"description\":\"\",\"publisher\":{\"@id\":\"https:\\\/\\\/ollagnier.art\\\/#organization\"},\"potentialAction\":[{\"@type\":\"SearchAction\",\"target\":{\"@type\":\"EntryPoint\",\"urlTemplate\":\"https:\\\/\\\/ollagnier.art\\\/?s={search_term_string}\"},\"query-input\":{\"@type\":\"PropertyValueSpecification\",\"valueRequired\":true,\"valueName\":\"search_term_string\"}}],\"inLanguage\":\"it-IT\"},{\"@type\":\"Organization\",\"@id\":\"https:\\\/\\\/ollagnier.art\\\/#organization\",\"name\":\"Thierry Ollagnier \\\/ Sculpteur\",\"url\":\"https:\\\/\\\/ollagnier.art\\\/\",\"logo\":{\"@type\":\"ImageObject\",\"inLanguage\":\"it-IT\",\"@id\":\"https:\\\/\\\/ollagnier.art\\\/#\\\/schema\\\/logo\\\/image\\\/\",\"url\":\"https:\\\/\\\/ollagnier.art\\\/wp-content\\\/uploads\\\/2023\\\/10\\\/logo-sculpteur_thierry-ollagnier.jpg\",\"contentUrl\":\"https:\\\/\\\/ollagnier.art\\\/wp-content\\\/uploads\\\/2023\\\/10\\\/logo-sculpteur_thierry-ollagnier.jpg\",\"width\":324,\"height\":76,\"caption\":\"Thierry Ollagnier \\\/ Sculpteur\"},\"image\":{\"@id\":\"https:\\\/\\\/ollagnier.art\\\/#\\\/schema\\\/logo\\\/image\\\/\"}},{\"@type\":\"Person\",\"@id\":\"https:\\\/\\\/ollagnier.art\\\/#\\\/schema\\\/person\\\/86ee219d6859a8501f8e6bebdaa21f9d\",\"name\":\"Thierry Ollagnier\",\"image\":{\"@type\":\"ImageObject\",\"inLanguage\":\"it-IT\",\"@id\":\"https:\\\/\\\/secure.gravatar.com\\\/avatar\\\/7bd61271786ef9f3f169a2b7e86a8d1a22ebb719de967294619da179823b5a15?s=96&d=mm&r=g\",\"url\":\"https:\\\/\\\/secure.gravatar.com\\\/avatar\\\/7bd61271786ef9f3f169a2b7e86a8d1a22ebb719de967294619da179823b5a15?s=96&d=mm&r=g\",\"contentUrl\":\"https:\\\/\\\/secure.gravatar.com\\\/avatar\\\/7bd61271786ef9f3f169a2b7e86a8d1a22ebb719de967294619da179823b5a15?s=96&d=mm&r=g\",\"caption\":\"Thierry Ollagnier\"}}]}<\/script>\n<!-- \/ Yoast SEO plugin. -->","yoast_head_json":{"title":"\"Exposition d'hiver\" - Thierry Ollagnier \/ Sculpteur","description":"Dans l\u2019Atelier du Sculpteur les \u0153uvres sont blotties bien au chaud autour du po\u00eale, les derni\u00e8res sculptures en bronze et les monotypes vous attendent. Si vous \u00eates dans les Alpes du sud cet hiver, en Vall\u00e9e de la Clar\u00e9e, n\u2019oubliez pas de passer visiter l\u2019exposition au Jardin du sculpteur de Thierry Ollagnier. Une exposition d'art contemporain au milieu de la nature avec pour th\u00e8me central la fusion des \u00e9l\u00e9ments, le lien entre la Nature et L'Homme. Cette exposition immersive entre les sommets des Alpes et les \u0153uvres en bronze, o\u00f9 les surfaces dialoguent avec le min\u00e9ral des parois rocheuses, nous invite \u00e0 un \u00e9v\u00e8nementiel culturel durant l'hiver 2024 - 2025 . Visitez \u00e9galement les \u0153uvres \u00e0 l'int\u00e9rieur de l'Atelier avec le Sculpteur. Si vous \u00eates dans les Alpes du sud cet hiver, en Vall\u00e9e de la Clar\u00e9e, n\u2019oubliez pas de passer visiter l\u2019exposition au Jardin du sculpteur de Thierry Ollagnier.Une exposition d'art contemporain au milieu de la nature avec pour th\u00e8me central la fusion des \u00e9l\u00e9ments, le lien entre la Nature et L'Homme. Cette exposition immersive entre les sommets des Alpes et les \u0153uvres en bronze, o\u00f9 les surfaces dialoguent avec le min\u00e9ral des parois rocheuses, nous invite \u00e0 un \u00e9v\u00e8nementiel culturel durant l'hiver 2024 - 2025 . Visitez \u00e9galement les \u0153uvres \u00e0 l'int\u00e9rieur de l'Atelier avec le Sculpteur. Exposition pour collectionneurs et pour entreprises, les investisseurs en \u0153uvres d'art, avec la possibilit\u00e9 d'exp\u00e9dition d\u2019\u0153uvres en bronze.Possibilit\u00e9 \u00e9galement d'achat d\u2019\u0153uvres d'art pour le soci\u00e9t\u00e9s ainsi que les professions lib\u00e9rales. Acc\u00e8s \u00e0 un sp\u00e9cialiste du cr\u00e9dit Bail pour le financement des \u0153uvres. Leasing avec option d'achat. Investissement pour entreprises","robots":{"index":"index","follow":"follow","max-snippet":"max-snippet:-1","max-image-preview":"max-image-preview:large","max-video-preview":"max-video-preview:-1"},"canonical":"https:\/\/ollagnier.art\/it\/notizie\/exposition-dhiver\/","og_locale":"it_IT","og_type":"article","og_title":"\"Exposition d'hiver\" - Thierry Ollagnier \/ Sculpteur","og_description":"Dans l\u2019Atelier du Sculpteur les \u0153uvres sont blotties bien au chaud autour du po\u00eale, les derni\u00e8res sculptures en bronze et les monotypes vous attendent. Si vous \u00eates dans les Alpes du sud cet hiver, en Vall\u00e9e de la Clar\u00e9e, n\u2019oubliez pas de passer visiter l\u2019exposition au Jardin du sculpteur de Thierry Ollagnier. Une exposition d'art contemporain au milieu de la nature avec pour th\u00e8me central la fusion des \u00e9l\u00e9ments, le lien entre la Nature et L'Homme. Cette exposition immersive entre les sommets des Alpes et les \u0153uvres en bronze, o\u00f9 les surfaces dialoguent avec le min\u00e9ral des parois rocheuses, nous invite \u00e0 un \u00e9v\u00e8nementiel culturel durant l'hiver 2024 - 2025 . Visitez \u00e9galement les \u0153uvres \u00e0 l'int\u00e9rieur de l'Atelier avec le Sculpteur. Si vous \u00eates dans les Alpes du sud cet hiver, en Vall\u00e9e de la Clar\u00e9e, n\u2019oubliez pas de passer visiter l\u2019exposition au Jardin du sculpteur de Thierry Ollagnier.Une exposition d'art contemporain au milieu de la nature avec pour th\u00e8me central la fusion des \u00e9l\u00e9ments, le lien entre la Nature et L'Homme. Cette exposition immersive entre les sommets des Alpes et les \u0153uvres en bronze, o\u00f9 les surfaces dialoguent avec le min\u00e9ral des parois rocheuses, nous invite \u00e0 un \u00e9v\u00e8nementiel culturel durant l'hiver 2024 - 2025 . Visitez \u00e9galement les \u0153uvres \u00e0 l'int\u00e9rieur de l'Atelier avec le Sculpteur. Exposition pour collectionneurs et pour entreprises, les investisseurs en \u0153uvres d'art, avec la possibilit\u00e9 d'exp\u00e9dition d\u2019\u0153uvres en bronze.Possibilit\u00e9 \u00e9galement d'achat d\u2019\u0153uvres d'art pour le soci\u00e9t\u00e9s ainsi que les professions lib\u00e9rales. Acc\u00e8s \u00e0 un sp\u00e9cialiste du cr\u00e9dit Bail pour le financement des \u0153uvres. Leasing avec option d'achat. Investissement pour entreprises","og_url":"https:\/\/ollagnier.art\/it\/notizie\/exposition-dhiver\/","og_site_name":"Thierry Ollagnier \/ Sculpteur","article_published_time":"2024-12-16T16:29:01+00:00","article_modified_time":"2025-02-03T16:38:53+00:00","og_image":[{"width":768,"height":1024,"url":"https:\/\/ollagnier.art\/wp-content\/uploads\/2024\/12\/Exposition-d-hiver_Photo-Chantal-Ollagnier-768x1024.jpg","type":"image\/jpeg"}],"author":"Thierry Ollagnier","twitter_card":"summary_large_image","twitter_misc":{"Written by":"Thierry Ollagnier","Est. reading time":"2 minutes"},"schema":{"@context":"https:\/\/schema.org","@graph":[{"@type":"Article","@id":"https:\/\/ollagnier.art\/it\/notizie\/exposition-dhiver\/#article","isPartOf":{"@id":"https:\/\/ollagnier.art\/it\/notizie\/exposition-dhiver\/"},"author":{"name":"Thierry Ollagnier","@id":"https:\/\/ollagnier.art\/#\/schema\/person\/86ee219d6859a8501f8e6bebdaa21f9d"},"headline":"&#8220;Exposition d&#8217;hiver&#8221;","datePublished":"2024-12-16T16:29:01+00:00","dateModified":"2025-02-03T16:38:53+00:00","mainEntityOfPage":{"@id":"https:\/\/ollagnier.art\/it\/notizie\/exposition-dhiver\/"},"wordCount":2,"commentCount":0,"publisher":{"@id":"https:\/\/ollagnier.art\/#organization"},"image":{"@id":"https:\/\/ollagnier.art\/it\/notizie\/exposition-dhiver\/#primaryimage"},"thumbnailUrl":"https:\/\/ollagnier.art\/wp-content\/uploads\/2024\/12\/Exposition-d-hiver_Photo-Chantal-Ollagnier.jpg","articleSection":["Notizie"],"inLanguage":"it-IT","potentialAction":[{"@type":"CommentAction","name":"Comment","target":["https:\/\/ollagnier.art\/it\/notizie\/exposition-dhiver\/#respond"]}]},{"@type":"WebPage","@id":"https:\/\/ollagnier.art\/it\/notizie\/exposition-dhiver\/","url":"https:\/\/ollagnier.art\/it\/notizie\/exposition-dhiver\/","name":"\"Exposition d'hiver\" - Thierry Ollagnier \/ Sculpteur","isPartOf":{"@id":"https:\/\/ollagnier.art\/#website"},"primaryImageOfPage":{"@id":"https:\/\/ollagnier.art\/it\/notizie\/exposition-dhiver\/#primaryimage"},"image":{"@id":"https:\/\/ollagnier.art\/it\/notizie\/exposition-dhiver\/#primaryimage"},"thumbnailUrl":"https:\/\/ollagnier.art\/wp-content\/uploads\/2024\/12\/Exposition-d-hiver_Photo-Chantal-Ollagnier.jpg","datePublished":"2024-12-16T16:29:01+00:00","dateModified":"2025-02-03T16:38:53+00:00","description":"Dans l\u2019Atelier du Sculpteur les \u0153uvres sont blotties bien au chaud autour du po\u00eale, les derni\u00e8res sculptures en bronze et les monotypes vous attendent. Si vous \u00eates dans les Alpes du sud cet hiver, en Vall\u00e9e de la Clar\u00e9e, n\u2019oubliez pas de passer visiter l\u2019exposition au Jardin du sculpteur de Thierry Ollagnier. Une exposition d'art contemporain au milieu de la nature avec pour th\u00e8me central la fusion des \u00e9l\u00e9ments, le lien entre la Nature et L'Homme. Cette exposition immersive entre les sommets des Alpes et les \u0153uvres en bronze, o\u00f9 les surfaces dialoguent avec le min\u00e9ral des parois rocheuses, nous invite \u00e0 un \u00e9v\u00e8nementiel culturel durant l'hiver 2024 - 2025 . Visitez \u00e9galement les \u0153uvres \u00e0 l'int\u00e9rieur de l'Atelier avec le Sculpteur. Si vous \u00eates dans les Alpes du sud cet hiver, en Vall\u00e9e de la Clar\u00e9e, n\u2019oubliez pas de passer visiter l\u2019exposition au Jardin du sculpteur de Thierry Ollagnier.Une exposition d'art contemporain au milieu de la nature avec pour th\u00e8me central la fusion des \u00e9l\u00e9ments, le lien entre la Nature et L'Homme. Cette exposition immersive entre les sommets des Alpes et les \u0153uvres en bronze, o\u00f9 les surfaces dialoguent avec le min\u00e9ral des parois rocheuses, nous invite \u00e0 un \u00e9v\u00e8nementiel culturel durant l'hiver 2024 - 2025 . Visitez \u00e9galement les \u0153uvres \u00e0 l'int\u00e9rieur de l'Atelier avec le Sculpteur. Exposition pour collectionneurs et pour entreprises, les investisseurs en \u0153uvres d'art, avec la possibilit\u00e9 d'exp\u00e9dition d\u2019\u0153uvres en bronze.Possibilit\u00e9 \u00e9galement d'achat d\u2019\u0153uvres d'art pour le soci\u00e9t\u00e9s ainsi que les professions lib\u00e9rales. Acc\u00e8s \u00e0 un sp\u00e9cialiste du cr\u00e9dit Bail pour le financement des \u0153uvres. Leasing avec option d'achat. Investissement pour entreprises","breadcrumb":{"@id":"https:\/\/ollagnier.art\/it\/notizie\/exposition-dhiver\/#breadcrumb"},"inLanguage":"it-IT","potentialAction":[{"@type":"ReadAction","target":["https:\/\/ollagnier.art\/it\/notizie\/exposition-dhiver\/"]}]},{"@type":"ImageObject","inLanguage":"it-IT","@id":"https:\/\/ollagnier.art\/it\/notizie\/exposition-dhiver\/#primaryimage","url":"https:\/\/ollagnier.art\/wp-content\/uploads\/2024\/12\/Exposition-d-hiver_Photo-Chantal-Ollagnier.jpg","contentUrl":"https:\/\/ollagnier.art\/wp-content\/uploads\/2024\/12\/Exposition-d-hiver_Photo-Chantal-Ollagnier.jpg","width":1425,"height":1900},{"@type":"BreadcrumbList","@id":"https:\/\/ollagnier.art\/it\/notizie\/exposition-dhiver\/#breadcrumb","itemListElement":[{"@type":"ListItem","position":1,"name":"Accueil","item":"https:\/\/ollagnier.art\/it\/"},{"@type":"ListItem","position":2,"name":"Notizie","item":"https:\/\/ollagnier.art\/it\/category\/notizie\/"},{"@type":"ListItem","position":3,"name":"\u00ab\u00a0Exposition d&rsquo;hiver\u00a0\u00bb"}]},{"@type":"WebSite","@id":"https:\/\/ollagnier.art\/#website","url":"https:\/\/ollagnier.art\/","name":"Thierry Ollagnier \/ Sculpteur","description":"","publisher":{"@id":"https:\/\/ollagnier.art\/#organization"},"potentialAction":[{"@type":"SearchAction","target":{"@type":"EntryPoint","urlTemplate":"https:\/\/ollagnier.art\/?s={search_term_string}"},"query-input":{"@type":"PropertyValueSpecification","valueRequired":true,"valueName":"search_term_string"}}],"inLanguage":"it-IT"},{"@type":"Organization","@id":"https:\/\/ollagnier.art\/#organization","name":"Thierry Ollagnier \/ Sculpteur","url":"https:\/\/ollagnier.art\/","logo":{"@type":"ImageObject","inLanguage":"it-IT","@id":"https:\/\/ollagnier.art\/#\/schema\/logo\/image\/","url":"https:\/\/ollagnier.art\/wp-content\/uploads\/2023\/10\/logo-sculpteur_thierry-ollagnier.jpg","contentUrl":"https:\/\/ollagnier.art\/wp-content\/uploads\/2023\/10\/logo-sculpteur_thierry-ollagnier.jpg","width":324,"height":76,"caption":"Thierry Ollagnier \/ Sculpteur"},"image":{"@id":"https:\/\/ollagnier.art\/#\/schema\/logo\/image\/"}},{"@type":"Person","@id":"https:\/\/ollagnier.art\/#\/schema\/person\/86ee219d6859a8501f8e6bebdaa21f9d","name":"Thierry Ollagnier","image":{"@type":"ImageObject","inLanguage":"it-IT","@id":"https:\/\/secure.gravatar.com\/avatar\/7bd61271786ef9f3f169a2b7e86a8d1a22ebb719de967294619da179823b5a15?s=96&d=mm&r=g","url":"https:\/\/secure.gravatar.com\/avatar\/7bd61271786ef9f3f169a2b7e86a8d1a22ebb719de967294619da179823b5a15?s=96&d=mm&r=g","contentUrl":"https:\/\/secure.gravatar.com\/avatar\/7bd61271786ef9f3f169a2b7e86a8d1a22ebb719de967294619da179823b5a15?s=96&d=mm&r=g","caption":"Thierry Ollagnier"}}]}},"_links":{"self":[{"href":"https:\/\/ollagnier.art\/it\/wp-json\/wp\/v2\/posts\/1649","targetHints":{"allow":["GET"]}}],"collection":[{"href":"https:\/\/ollagnier.art\/it\/wp-json\/wp\/v2\/posts"}],"about":[{"href":"https:\/\/ollagnier.art\/it\/wp-json\/wp\/v2\/types\/post"}],"author":[{"embeddable":true,"href":"https:\/\/ollagnier.art\/it\/wp-json\/wp\/v2\/users\/2"}],"replies":[{"embeddable":true,"href":"https:\/\/ollagnier.art\/it\/wp-json\/wp\/v2\/comments?post=1649"}],"version-history":[{"count":3,"href":"https:\/\/ollagnier.art\/it\/wp-json\/wp\/v2\/posts\/1649\/revisions"}],"predecessor-version":[{"id":1671,"href":"https:\/\/ollagnier.art\/it\/wp-json\/wp\/v2\/posts\/1649\/revisions\/1671"}],"wp:featuredmedia":[{"embeddable":true,"href":"https:\/\/ollagnier.art\/it\/wp-json\/wp\/v2\/media\/1642"}],"wp:attachment":[{"href":"https:\/\/ollagnier.art\/it\/wp-json\/wp\/v2\/media?parent=1649"}],"wp:term":[{"taxonomy":"category","embeddable":true,"href":"https:\/\/ollagnier.art\/it\/wp-json\/wp\/v2\/categories?post=1649"},{"taxonomy":"post_tag","embeddable":true,"href":"https:\/\/ollagnier.art\/it\/wp-json\/wp\/v2\/tags?post=1649"}],"curies":[{"name":"wp","href":"https:\/\/api.w.org\/{rel}","templated":true}]}}